{"id":2228,"count":1,"description":"<p class=\"PDq2pG_selectionAnchorContainer\" data-start=\"0\" data-end=\"370\">Jos\u00e9 Antonio Coderch va ser una de les figures m\u00e9s influents de l'arquitectura i el disseny del segle XX a Espanya. Amb una mirada profundament mediterr\u00e0nia, va defensar un enfocament honest, sobri i humanista que tamb\u00e9 es va reflectir en les seves incursions en el m\u00f3n del disseny de producte. Aqu\u00ed repassem el seu llegat i una de les seves creacions m\u00e9s emblem\u00e0tiques.<\/p>\r\n\r\n<h2 data-start=\"372\" data-end=\"434\">J. A. Coderch: Arquitectura mediterr\u00e0nia convertida en llum<\/h2>\r\n<p data-start=\"436\" data-end=\"875\">Nascut a Barcelona l'any 1913, Coderch es va formar com a arquitecte a l'Escola T\u00e8cnica Superior d'Arquitectura de Barcelona. Tot i que \u00e9s m\u00e9s conegut per la seva obra arquitect\u00f2nica \u2014resid\u00e8ncies, habitatges socials i edificis institucionals que van marcar la postguerra espanyola\u2014, tamb\u00e9 va deixar empremta en el disseny industrial amb peces que reflecteixen el seu mateix comprom\u00eds amb la funcionalitat, el context i la bellesa duradora.<\/p>\r\n<p data-start=\"877\" data-end=\"1157\">Coderch no buscava modes ni artificis: defensava un disseny arrelat en la tradici\u00f3 local, atent a la llum, el clima i la manera d'habitar. La seva \u00fanica pe\u00e7a de disseny de producte \u2014la l\u00e0mpada Disa\u2014 condensa tots aquests valors i s'ha convertit en un cl\u00e0ssic del disseny espanyol.<\/p>\r\n<p data-start=\"1159\" data-end=\"1210\">Entre els seus dissenys m\u00e9s representatius destaca:<\/p>\r\n\r\n<ul data-start=\"1212\" data-end=\"1490\">\r\n \t<li data-start=\"1212\" data-end=\"1490\">La l\u00e0mpada Disa (tamb\u00e9 coneguda com \u00abla Coderch\u00bb): composta per l\u00e0mines corbades de fusta que tamisen la llum amb calidesa i eleg\u00e0ncia. Dissenyada als anys 50 per a un dels seus projectes residencials, continua sent una refer\u00e8ncia del disseny mediterrani, org\u00e0nic i funcional.<\/li>\r\n<\/ul>\r\n<p data-start=\"1492\" data-end=\"1689\">J. A. Coderch entenia el disseny com una manera de viure millor, amb sensibilitat, honestedat i respecte per l'entorn. El seu llegat perdura com una lli\u00e7\u00f3 de coher\u00e8ncia entre pensament, forma i \u00fas.<\/p>\r\n\r\n<h3 data-start=\"1691\" data-end=\"1740\" data-is-last-node=\"\" data-is-only-node=\"\">Descobreix tots els dissenys de J. A. Coderch<\/h3>","link":"https:\/\/enlineabarcelona.com\/ca\/dissenyadors\/j-a-coderch\/","name":"J. A. Coderch","slug":"j-a-coderch","taxonomy":"disenadores","parent":0,"meta":[],"acf":[],"_links":{"self":[{"href":"https:\/\/enlineabarcelona.com\/ca\/wp-json\/wp\/v2\/disenadores\/2228","targetHints":{"allow":["GET"]}}],"collection":[{"href":"https:\/\/enlineabarcelona.com\/ca\/wp-json\/wp\/v2\/disenadores"}],"about":[{"href":"https:\/\/enlineabarcelona.com\/ca\/wp-json\/wp\/v2\/taxonomies\/disenadores"}],"wp:post_type":[{"href":"https:\/\/enlineabarcelona.com\/ca\/wp-json\/wp\/v2\/product?disenadores=2228"}],"curies":[{"name":"wp","href":"https:\/\/api.w.org\/{rel}","templated":true}]}}