{"id":881,"count":1,"description":"Sabine Marcelis es una de las dise\u00f1adoras contempor\u00e1neas m\u00e1s influyentes del panorama internacional. Su trabajo explora la interacci\u00f3n entre luz, color y materiales transl\u00facidos, dando lugar a piezas que se sit\u00faan entre el arte y el dise\u00f1o funcional. Aqu\u00ed repasamos su trayectoria y una de sus creaciones m\u00e1s representativas.\r\n<h2>Sabine Marcelis: Luz, color y materialidad escult\u00f3rica<\/h2>\r\nNacida en Nueva Zelanda y establecida en Rotterdam, Sabine Marcelis se gradu\u00f3 en la Design Academy Eindhoven en 2011. Desde entonces, ha desarrollado un lenguaje propio basado en la experimentaci\u00f3n con resinas, vidrio y superficies pulidas que transforman la percepci\u00f3n de la luz y el espacio.\r\n\r\nSus proyectos abarcan desde mobiliario y luminarias hasta instalaciones art\u00edsticas y colaboraciones con marcas de moda y arquitectura. La pureza formal, las geometr\u00edas simples y el uso expresivo del color son constantes en su obra, que convierte materiales industriales en objetos de gran impacto visual.\r\n\r\nEntre sus dise\u00f1os m\u00e1s representativos destaca:\r\n<ul>\r\n \t<li>La mesita Lokum: una pieza que combina volumen s\u00f3lido y acabado transl\u00facido, generando un efecto luminoso y cambiante seg\u00fan la luz y el entorno. Su forma sencilla y su presencia escult\u00f3rica la convierten en un elemento decorativo y funcional a la vez, perfecto para interiores contempor\u00e1neos.<\/li>\r\n<\/ul>\r\nSabine Marcelis representa una nueva generaci\u00f3n de dise\u00f1adores que entienden el objeto como experiencia sensorial. Su trabajo redefine la relaci\u00f3n entre materia y luz, aportando una dimensi\u00f3n art\u00edstica al dise\u00f1o cotidiano.\r\n\r\nDescubre todos los dise\u00f1os de Sabine Marcelis","link":"https:\/\/enlineabarcelona.com\/ca\/disenadores\/sabine-marcelis\/","name":"Sabine Marcelis","slug":"sabine-marcelis","taxonomy":"disenadores","parent":0,"meta":[],"acf":[],"_links":{"self":[{"href":"https:\/\/enlineabarcelona.com\/ca\/wp-json\/wp\/v2\/disenadores\/881","targetHints":{"allow":["GET"]}}],"collection":[{"href":"https:\/\/enlineabarcelona.com\/ca\/wp-json\/wp\/v2\/disenadores"}],"about":[{"href":"https:\/\/enlineabarcelona.com\/ca\/wp-json\/wp\/v2\/taxonomies\/disenadores"}],"wp:post_type":[{"href":"https:\/\/enlineabarcelona.com\/ca\/wp-json\/wp\/v2\/product?disenadores=881"}],"curies":[{"name":"wp","href":"https:\/\/api.w.org\/{rel}","templated":true}]}}