{"id":2433,"count":23,"description":"<p class=\"PDq2pG_selectionAnchorContainer\" data-start=\"191\" data-end=\"626\">Desde els seus inicis l\u2019any 1950, Vitra s\u2019ha consolidat com una marca de refer\u00e8ncia en el m\u00f3n del disseny contemporani. Reconeguda pels seus mobles intel\u00b7ligents, ergon\u00f2mics i atemporals, la firma combina la innovaci\u00f3 amb l\u2019artesania per crear peces ic\u00f2niques que transcendeixen modes i generacions. A En L\u00ednea Barcelona, celebrem el llegat i la visi\u00f3 d\u2019una marca que ha sabut unir forma i funcionalitat en cadascun dels seus dissenys.<\/p>\r\n\r\n<h2 data-start=\"628\" data-end=\"670\">Disseny contemporani amb hist\u00f2ria Vitra<\/h2>\r\n<p data-start=\"672\" data-end=\"1027\">La hist\u00f2ria de Vitra comen\u00e7a amb Willi Fehlbaum, el seu fundador, qui va apostar per una manera d\u2019entendre el mobiliari basada en la durabilitat, el confort i la bellesa. Des de 1957, Vitra t\u00e9 l\u2019exclusivitat per fabricar els mobles de Charles i Ray Eames, convertint-se en el guardi\u00e0 d\u2019un llegat creatiu que ha donat lloc a veritables icones del segle XX.<\/p>\r\n<p data-start=\"1029\" data-end=\"1339\">Entre les peces m\u00e9s emblem\u00e0tiques destaquen la Lounge Chair and Ottoman, s\u00edmbol del confort refinat; la s\u00e8rie Eames Plastic Chair, reinventada amb nous acabats i colors sense perdre la seva ess\u00e8ncia; o l\u2019elegant i funcional Aluminium Group, una refer\u00e8ncia imprescindible en els espais de treball contemporanis.<\/p>\r\n<p data-start=\"1341\" data-end=\"1671\">Per\u00f2 l\u2019univers Vitra no s\u2019atura aqu\u00ed. La marca tamb\u00e9 edita i distribueix obres de dissenyadors influents com George Nelson, Verner Panton, Antonio Citterio, Philippe Starck, Ron Arad o Jean Prouv\u00e9, entre molts altres. Tots ells han contribu\u00eft a ampliar el cat\u00e0leg de Vitra amb peces que combinen creativitat, innovaci\u00f3 i qualitat.<\/p>\r\n<p class=\"\" data-start=\"1673\" data-end=\"1990\">Vitra no nom\u00e9s dissenya mobles: crea cultura del disseny. Cada producte reflecteix una hist\u00f2ria, un concepte i una intenci\u00f3 clara de millorar la vida quotidiana a trav\u00e9s de la forma i la funci\u00f3. Ja sigui a la llar, l\u2019oficina o els espais p\u00fablics, els mobles Vitra aporten un valor est\u00e8tic i pr\u00e0ctic dif\u00edcil d\u2019igualar.<\/p>\r\n<p data-start=\"1992\" data-end=\"2242\">A En L\u00ednea Barcelona, oferim una acurada selecci\u00f3 de mobiliari i accessoris Vitra, pensats per a aquells que aprecien el bon disseny i busquen peces amb car\u00e0cter. Descobreix al nostre cat\u00e0leg tot el que aquesta ic\u00f2nica firma pot aportar al teu espai.<\/p>","link":"https:\/\/enlineabarcelona.com\/ca\/marca\/viitra\/","name":"VIitra","slug":"viitra","taxonomy":"marca","parent":0,"meta":[],"acf":[],"_links":{"self":[{"href":"https:\/\/enlineabarcelona.com\/ca\/wp-json\/wp\/v2\/marca\/2433","targetHints":{"allow":["GET"]}}],"collection":[{"href":"https:\/\/enlineabarcelona.com\/ca\/wp-json\/wp\/v2\/marca"}],"about":[{"href":"https:\/\/enlineabarcelona.com\/ca\/wp-json\/wp\/v2\/taxonomies\/marca"}],"wp:post_type":[{"href":"https:\/\/enlineabarcelona.com\/ca\/wp-json\/wp\/v2\/product?marca=2433"}],"curies":[{"name":"wp","href":"https:\/\/api.w.org\/{rel}","templated":true}]}}