{"id":2440,"count":0,"description":"<p class=\"PDq2pG_selectionAnchorContainer\" data-start=\"11\" data-end=\"390\">Des dels carrerons empedrats de Mil\u00e0 el 1947 fins als espais moderns i contemporanis de les nostres llars i oficines, Arflex ha deixat una empremta inesborrable en el m\u00f3n del disseny de mobiliari. Una firma italiana que va revolucionar la ind\u00fastria amb els seus experiments i que, amb la seva dedicaci\u00f3 a la investigaci\u00f3, s\u2019ha convertit en un referent en el disseny de mobiliari.<\/p>\r\n\r\n<h2 data-start=\"392\" data-end=\"450\">Arflex i la seva revoluci\u00f3 en l\u2019art i el disseny itali\u00e0<\/h2>\r\n<p data-start=\"452\" data-end=\"872\">Tot va comen\u00e7ar amb un somni i la visi\u00f3 pionera d\u2019un grup de t\u00e8cnics i l\u2019arquitecte Marco Zanuso. Van experimentar amb goma escuma i cintes el\u00e0stiques, percebent-hi un enorme potencial per a la fabricaci\u00f3 de mobiliari. Trencant paradigmes, Arflex va aconseguir transcendir i obrir una nova perspectiva en el disseny i la confecci\u00f3 de mobles, consolidant la seva reputaci\u00f3 basant-se en la investigaci\u00f3 i l\u2019experimentaci\u00f3.<\/p>\r\n<p data-start=\"874\" data-end=\"1149\">El punt d\u2019inflexi\u00f3 va arribar el 1951, quan la butaca Lady de Marco Zanuso va ser guardonada amb la medalla d\u2019or de la Triennale. Aquest reconeixement subratllava l\u2019esperit avantguardista d\u2019Arflex, un esperit que no ha fet m\u00e9s que cr\u00e9ixer en cadascuna de les seves creacions.<\/p>\r\n<p class=\"\" data-start=\"1151\" data-end=\"1546\">El 1961, la marca va fer un pas endavant i va expandir la seva producci\u00f3 al m\u00f3n dels mobles d\u2019oficina. Aquesta nova direcci\u00f3 va reflectir el desig d\u2019Arflex de continuar innovant i expandint els horitzons de la seva creativitat. Anys despr\u00e9s, la companyia es va enriquir amb peces significatives de la hist\u00f2ria del disseny itali\u00e0, creades per dissenyadors de renom com Franco Albini i Cini Boeri.<\/p>\r\n<p data-start=\"1548\" data-end=\"1918\">Arflex no \u00e9s nom\u00e9s una marca, \u00e9s un segell d\u2019excel\u00b7l\u00e8ncia i qualitat, reconegut pel seu inter\u00e8s en l\u2019experimentaci\u00f3 i el seu desig de crear productes d\u2019alt contingut tecnol\u00f2gic i est\u00e8tic. El seu mobiliari parla per si mateix, cada pe\u00e7a un testimoni del seu comprom\u00eds amb la investigaci\u00f3 i l\u2019experimentaci\u00f3, cada pe\u00e7a un reflex de l\u2019harmonia entre la funci\u00f3 i l\u2019est\u00e8tica.<\/p>","link":"https:\/\/enlineabarcelona.com\/ca\/marca\/arflex\/","name":"Arflex","slug":"arflex","taxonomy":"marca","parent":0,"meta":[],"acf":[],"_links":{"self":[{"href":"https:\/\/enlineabarcelona.com\/ca\/wp-json\/wp\/v2\/marca\/2440","targetHints":{"allow":["GET"]}}],"collection":[{"href":"https:\/\/enlineabarcelona.com\/ca\/wp-json\/wp\/v2\/marca"}],"about":[{"href":"https:\/\/enlineabarcelona.com\/ca\/wp-json\/wp\/v2\/taxonomies\/marca"}],"wp:post_type":[{"href":"https:\/\/enlineabarcelona.com\/ca\/wp-json\/wp\/v2\/product?marca=2440"}],"curies":[{"name":"wp","href":"https:\/\/api.w.org\/{rel}","templated":true}]}}