{"id":2705,"date":"2025-10-14T18:35:52","date_gmt":"2025-10-14T18:35:52","guid":{"rendered":"https:\/\/enlineabarcelona.com\/el-regreso-de-la-silla-x-line\/"},"modified":"2025-10-14T18:35:52","modified_gmt":"2025-10-14T18:35:52","slug":"el-regreso-de-la-silla-x-line","status":"publish","type":"post","link":"https:\/\/enlineabarcelona.com\/ca\/el-regreso-de-la-silla-x-line\/","title":{"rendered":"El regreso de la silla X-Line"},"content":{"rendered":"\n<div class=\"wp-block-uagb-separator uagb-block-0efe0a5a\"><div class=\"uagb-separator-spacing-wrapper\"><div class=\"wp-block-uagb-separator__inner\" style=\"--my-background-image:\"><\/div><\/div><\/div>\n\n\n\n<p><strong>\u201cTan minimalista y bien pensado.\u201d <\/strong>As\u00ed describi\u00f3 Rolf Hay, cofundador de <a href=\"\/?marca=hay\">HAY<\/a>, la silla <a href=\"\/?p=20923\">X-Line<\/a>. Y ten\u00eda raz\u00f3n. Este dise\u00f1o concebido por <strong>Niels J\u00f8rgen Haugesen<\/strong> en 1977 no solo es una proeza formal, sino tambi\u00e9n una pieza clave para comprender la evoluci\u00f3n del mobiliario dan\u00e9s hacia un lenguaje m\u00e1s industrial, t\u00e9cnico y radical.<\/p>\n\n\n\n<div class=\"wp-block-uagb-separator uagb-block-5b7e5fca\"><div class=\"wp-block-uagb-separator__inner\" style=\"--my-background-image:\"><\/div><\/div>\n\n\n\n<div class=\"wp-block-uagb-image aligncenter uagb-block-3b5170a6 wp-block-uagb-image--layout-default wp-block-uagb-image--effect-static wp-block-uagb-image--align-center\"><figure class=\"wp-block-uagb-image__figure\"><img loading=\"lazy\" decoding=\"async\" srcset=\"https:\/\/enlineabarcelona.com\/wp-content\/uploads\/2025\/04\/X-Line-Chair-Indoor-powder-blue-seat-and-back-chromed-frame_Passerelle-Table-wb-lacquer-oak-1024x578.jpg ,https:\/\/enlineabarcelona.com\/wp-content\/uploads\/2025\/04\/X-Line-Chair-Indoor-powder-blue-seat-and-back-chromed-frame_Passerelle-Table-wb-lacquer-oak.jpg 780w, https:\/\/enlineabarcelona.com\/wp-content\/uploads\/2025\/04\/X-Line-Chair-Indoor-powder-blue-seat-and-back-chromed-frame_Passerelle-Table-wb-lacquer-oak.jpg 360w\" sizes=\"auto, (max-width: 480px) 150px\" src=\"https:\/\/enlineabarcelona.com\/wp-content\/uploads\/2025\/04\/X-Line-Chair-Indoor-powder-blue-seat-and-back-chromed-frame_Passerelle-Table-wb-lacquer-oak-1024x578.jpg\" alt=\"\" class=\"uag-image-20973\" width=\"1024\" height=\"578\" title=\"X-Line Chair Indoor powder blue seat and back chromed frame_Passerelle Table wb lacquer oak\" loading=\"lazy\" role=\"img\"><\/figure><\/div>\n\n\n\n<div class=\"wp-block-uagb-separator uagb-block-c3c95b39\"><div class=\"uagb-separator-spacing-wrapper\"><div class=\"wp-block-uagb-separator__inner\" style=\"--my-background-image:\"><\/div><\/div><\/div>\n\n\n\n<p>En una \u00e9poca dominada por la madera, las formas suaves y los acabados artesanales \u2014el legado del modernismo escandinavo de mediados del siglo XX\u2014, la X-Line supuso una ruptura deliberada. Fabricada en varilla de acero cromado y asiento perforado, esta silla esculpida en l\u00edneas precisas y racionales parec\u00eda hablar un idioma completamente nuevo. Al apilarse, sus patas forman una X perfecta, un gesto de s\u00edntesis entre funci\u00f3n y expresi\u00f3n que encarna la esencia misma del dise\u00f1o como acto inteligente.<\/p>\n\n\n\n<div class=\"wp-block-uagb-separator uagb-block-2852bbfb\"><div class=\"uagb-separator-spacing-wrapper\"><div class=\"wp-block-uagb-separator__inner\" style=\"--my-background-image:\"><\/div><\/div><\/div>\n\n\n\n<div class=\"wp-block-uagb-image aligncenter uagb-block-1b48f568 wp-block-uagb-image--layout-default wp-block-uagb-image--effect-static wp-block-uagb-image--align-center\"><figure class=\"wp-block-uagb-image__figure\"><img loading=\"lazy\" decoding=\"async\" srcset=\"https:\/\/enlineabarcelona.com\/wp-content\/uploads\/2025\/04\/X-Line-Chair-powder-coated-family-768x1024.jpg ,https:\/\/enlineabarcelona.com\/wp-content\/uploads\/2025\/04\/X-Line-Chair-powder-coated-family.jpg 780w, https:\/\/enlineabarcelona.com\/wp-content\/uploads\/2025\/04\/X-Line-Chair-powder-coated-family.jpg 360w\" sizes=\"auto, (max-width: 480px) 150px\" src=\"https:\/\/enlineabarcelona.com\/wp-content\/uploads\/2025\/04\/X-Line-Chair-powder-coated-family-768x1024.jpg\" alt=\"\" class=\"uag-image-20985\" width=\"768\" height=\"1024\" title=\"X-Line Chair powder coated family\" loading=\"lazy\" role=\"img\"><\/figure><\/div>\n\n\n\n<div class=\"wp-block-uagb-separator uagb-block-c6f3e6b6\"><div class=\"uagb-separator-spacing-wrapper\"><div class=\"wp-block-uagb-separator__inner\" style=\"--my-background-image:\"><\/div><\/div><\/div>\n\n\n\n<div class=\"wp-block-uagb-separator uagb-block-5a1a3f32\"><div class=\"uagb-separator-spacing-wrapper\"><div class=\"wp-block-uagb-separator__inner\" style=\"--my-background-image:\"><\/div><\/div><\/div>\n\n\n\n<p><strong>Niels J\u00f8rgen Haugesen<\/strong>, formado inicialmente como carpintero y posteriormente como arquitecto de mobiliario, hab\u00eda trabajado junto a <a href=\"\/?disenadores=arne-jacobsen\">Arne Jacobsen<\/a> antes de establecer su propio estudio en 1971. Desde all\u00ed lanz\u00f3 la X-Line, una silla que desafi\u00f3 los c\u00e1nones est\u00e9ticos de su tiempo y que acabar\u00eda conquistando no solo hogares, sino tambi\u00e9n espacios p\u00fablicos, oficinas, instituciones culturales y terrazas urbanas. Su capacidad para adaptarse sin perder identidad es quiz\u00e1s uno de los mayores logros de esta pieza.<br><\/p>\n\n\n\n<section class=\"wp-block-uagb-columns uagb-columns__wrap uagb-columns__background-none uagb-columns__stack-mobile uagb-columns__valign- uagb-columns__gap-10 align uagb-block-1aef9c28 uagb-columns__columns-2 uagb-columns__max_width-theme\"><div class=\"uagb-columns__overlay\"><\/div><div class=\"uagb-columns__inner-wrap uagb-columns__columns-2\">\n<div class=\"wp-block-uagb-column uagb-column__wrap uagb-column__background-undefined uagb-block-53d92f78\"><div class=\"uagb-column__overlay\"><\/div>\n<figure class=\"wp-block-image size-full is-resized\"><img decoding=\"async\" src=\"https:\/\/enlineabarcelona.com\/wp-content\/uploads\/2025\/04\/X-Line-Chair-chromed-Indoor-family-01.jpg\" alt=\"\" class=\"wp-image-20952\" style=\"aspect-ratio:3\/4;object-fit:cover;width:773px;height:auto\" title=\"\"><\/figure>\n<\/div>\n\n\n\n<div class=\"wp-block-uagb-column uagb-column__wrap uagb-column__background-undefined uagb-block-bbdde59a\"><div class=\"uagb-column__overlay\"><\/div>\n<figure class=\"wp-block-image size-large\"><img decoding=\"async\" src=\"https:\/\/enlineabarcelona.com\/wp-content\/uploads\/2025\/04\/X-Line-Chair-galvanised-family-09-815x1024.jpg\" alt=\"\" class=\"wp-image-20964\" style=\"aspect-ratio:3\/4;object-fit:cover\" title=\"\"><\/figure>\n<\/div>\n<\/div><\/section>\n\n\n\n<div class=\"wp-block-uagb-separator uagb-block-e5fac3c7\"><div class=\"uagb-separator-spacing-wrapper\"><div class=\"wp-block-uagb-separator__inner\" style=\"--my-background-image:\"><\/div><\/div><\/div>\n\n\n\n<p>En 1987, la X-Line fue reconocida con el prestigioso Premio ID dan\u00e9s, confirmando su lugar en la historia del dise\u00f1o escandinavo. D\u00e9cadas despu\u00e9s, la silla fue reeditada por Magnus Olesen y, m\u00e1s recientemente, por HAY, que ha apostado por una nueva gama crom\u00e1tica seleccionada del archivo personal de <strong>Niels J\u00f8rgen Haugesen<\/strong>. Tonos como el verde salvia, el rojo \u00f3xido o el azul petr\u00f3leo actualizan su perfil sin alterar su esp\u00edritu. M\u00e1s que una reedici\u00f3n, es una nueva lectura de una idea que sigue viva.<\/p>\n\n\n\n<p><br><\/p>\n\n\n\n<div class=\"wp-block-uagb-image aligncenter uagb-block-14cd2065 wp-block-uagb-image--layout-default wp-block-uagb-image--effect-static wp-block-uagb-image--align-center\"><figure class=\"wp-block-uagb-image__figure\"><img loading=\"lazy\" decoding=\"async\" srcset=\"https:\/\/enlineabarcelona.com\/wp-content\/uploads\/2025\/04\/X-Line-Chair-Indoor-leek-green-seat-and-back-chromed-frame_Passerelle-Table-wb-lacquer-oak-813x1024.jpg ,https:\/\/enlineabarcelona.com\/wp-content\/uploads\/2025\/04\/X-Line-Chair-Indoor-leek-green-seat-and-back-chromed-frame_Passerelle-Table-wb-lacquer-oak.jpg 780w, https:\/\/enlineabarcelona.com\/wp-content\/uploads\/2025\/04\/X-Line-Chair-Indoor-leek-green-seat-and-back-chromed-frame_Passerelle-Table-wb-lacquer-oak.jpg 360w\" sizes=\"auto, (max-width: 480px) 150px\" src=\"https:\/\/enlineabarcelona.com\/wp-content\/uploads\/2025\/04\/X-Line-Chair-Indoor-leek-green-seat-and-back-chromed-frame_Passerelle-Table-wb-lacquer-oak-813x1024.jpg\" alt=\"\" class=\"uag-image-20970\" width=\"771\" height=\"900\" title=\"X-Line Chair Indoor leek green seat and back chromed frame_Passerelle Table wb lacquer oak\" loading=\"lazy\" role=\"img\"><\/figure><\/div>\n\n\n\n<div class=\"wp-block-uagb-separator uagb-block-1e02496d\"><div class=\"uagb-separator-spacing-wrapper\"><div class=\"wp-block-uagb-separator__inner\" style=\"--my-background-image:\"><\/div><\/div><\/div>\n\n\n\n<p>Hoy, la silla X-Line sigue fabric\u00e1ndose en Dinamarca, bajo los mismos est\u00e1ndares de precisi\u00f3n y calidad que la vieron nacer. Su geometr\u00eda sigue sorprendiendo. Su apilabilidad sigue fascinando. Y su historia contin\u00faa sumando capas de sentido.<br><\/p>\n\n\n\n<section class=\"wp-block-uagb-columns uagb-columns__wrap uagb-columns__background-none uagb-columns__stack-mobile uagb-columns__valign- uagb-columns__gap-10 align uagb-block-1971cd3d uagb-columns__columns-2 uagb-columns__max_width-theme\"><div class=\"uagb-columns__overlay\"><\/div><div class=\"uagb-columns__inner-wrap uagb-columns__columns-2\">\n<div class=\"wp-block-uagb-column uagb-column__wrap uagb-column__background-undefined uagb-block-244be16d\"><div class=\"uagb-column__overlay\"><\/div>\n<figure class=\"wp-block-image size-full\"><img decoding=\"async\" src=\"https:\/\/enlineabarcelona.com\/wp-content\/uploads\/2025\/04\/X-Line-Chair-iron-red-powder-coated-seat-back-and-galvanised-base_PC-Portable-cool-grey.jpg\" alt=\"\" class=\"wp-image-20976\" style=\"aspect-ratio:3\/4;object-fit:cover\" title=\"\"><\/figure>\n<\/div>\n\n\n\n<div class=\"wp-block-uagb-column uagb-column__wrap uagb-column__background-undefined uagb-block-9f2e0235\"><div class=\"uagb-column__overlay\"><\/div>\n<figure class=\"wp-block-image size-full\"><img decoding=\"async\" src=\"https:\/\/enlineabarcelona.com\/wp-content\/uploads\/2025\/04\/X-Line-Chair-Indoor-black-seat-and-back-chromed-frame_X-Line-Seat-Pad-Scozia-black.jpg\" alt=\"\" class=\"wp-image-20967\" style=\"aspect-ratio:3\/4;object-fit:cover\" title=\"\"><\/figure>\n<\/div>\n<\/div><\/section>\n\n\n\n<p>Disponible en <strong>en l\u00ednea barcelona<\/strong>, la <a href=\"\/?p=20923\">X-Line<\/a> es un fragmento de historia, una muestra de valent\u00eda conceptual, una pieza que demuestra que el verdadero dise\u00f1o no caduca: se transforma, se adapta y \u2014cuando se le da la oportunidad\u2014 vuelve con m\u00e1s fuerza que nunca.<\/p>\n","protected":false},"excerpt":{"rendered":"<p>\u201cTan minimalista y bien pensado.\u201d As\u00ed describi\u00f3 Rolf Hay, cofundador de HAY, la silla X-Line. Y ten\u00eda raz\u00f3n. Este dise\u00f1o concebido por Niels J\u00f8rgen Haugesen en 1977 no solo es una proeza formal, sino tambi\u00e9n una pieza clave para comprender la evoluci\u00f3n del mobiliario dan\u00e9s hacia un lenguaje m\u00e1s industrial, t\u00e9cnico y radical. En una &#8230; <a title=\"El regreso de la silla X-Line\" class=\"read-more\" href=\"https:\/\/enlineabarcelona.com\/ca\/el-regreso-de-la-silla-x-line\/\" aria-label=\"M\u00e9s informaci\u00f3 sobre El regreso de la silla X-Line\">Llegiu m\u00e9s<\/a><\/p>\n","protected":false},"author":1,"featured_media":2706,"comment_status":"open","ping_status":"open","sticky":false,"template":"","format":"standard","meta":{"_acf_changed":false,"footnotes":""},"categories":[257],"tags":[],"class_list":["post-2705","post","type-post","status-publish","format-standard","has-post-thumbnail","hentry","category-diseno"],"acf":[],"_links":{"self":[{"href":"https:\/\/enlineabarcelona.com\/ca\/wp-json\/wp\/v2\/posts\/2705","targetHints":{"allow":["GET"]}}],"collection":[{"href":"https:\/\/enlineabarcelona.com\/ca\/wp-json\/wp\/v2\/posts"}],"about":[{"href":"https:\/\/enlineabarcelona.com\/ca\/wp-json\/wp\/v2\/types\/post"}],"author":[{"embeddable":true,"href":"https:\/\/enlineabarcelona.com\/ca\/wp-json\/wp\/v2\/users\/1"}],"replies":[{"embeddable":true,"href":"https:\/\/enlineabarcelona.com\/ca\/wp-json\/wp\/v2\/comments?post=2705"}],"version-history":[{"count":0,"href":"https:\/\/enlineabarcelona.com\/ca\/wp-json\/wp\/v2\/posts\/2705\/revisions"}],"wp:featuredmedia":[{"embeddable":true,"href":"https:\/\/enlineabarcelona.com\/ca\/wp-json\/wp\/v2\/media\/2706"}],"wp:attachment":[{"href":"https:\/\/enlineabarcelona.com\/ca\/wp-json\/wp\/v2\/media?parent=2705"}],"wp:term":[{"taxonomy":"category","embeddable":true,"href":"https:\/\/enlineabarcelona.com\/ca\/wp-json\/wp\/v2\/categories?post=2705"},{"taxonomy":"post_tag","embeddable":true,"href":"https:\/\/enlineabarcelona.com\/ca\/wp-json\/wp\/v2\/tags?post=2705"}],"curies":[{"name":"wp","href":"https:\/\/api.w.org\/{rel}","templated":true}]}}